{"id":10211,"date":"2025-09-27T15:30:43","date_gmt":"2025-09-27T14:30:43","guid":{"rendered":"https:\/\/www.hugopanonacle.fr\/?p=10211"},"modified":"2026-03-16T15:47:47","modified_gmt":"2026-03-16T14:47:47","slug":"lancement-dopus-regions-une-nouvelle-saison-inauguree-sur-le-bassin-darcachon","status":"publish","type":"post","link":"https:\/\/www.hugopanonacle.fr\/en\/lancement-dopus-regions-une-nouvelle-saison-inauguree-sur-le-bassin-darcachon\/","title":{"rendered":"Lancement   d\u2019Opus   R\u00e9gions   :   une   nouvelle   saison   inaugur\u00e9e   sur   le   Bassin d\u2019Arcachon"},"content":{"rendered":"<p>Pour la saison 2025\/2026, l\u2019Agence Artistique Hugo Panonacle ouvre un nouveau chapitre de son d\u00e9veloppement artistique avec le lancement des s\u00e9ries Opus.Premi\u00e8re saison \u00e0 voir le jour : Opus R\u00e9gions, un projet pens\u00e9 pour inscrire durablement l\u2019excellence musicale au c\u0153ur des territoires.<\/p>\n<p>C\u2019est sur le Bassin d\u2019Arcachon que cette nouvelle saison a \u00e9t\u00e9 inaugur\u00e9e, dans un cadre naturel et patrimonial particuli\u00e8rement inspirant.Plac\u00e9e sous la direction artistique de Hugo Panonacle, Opus R\u00e9gions a d\u00e9but\u00e9 avec un invit\u00e9 d\u2019exception : le pianiste Bruno Rigutto, garder weekend de Bruno en r\u00e9sum\u00e9 les 4 et apr\u00e8s listes, qui s\u2019est produit en concert les 27 septembre \u00e0 La Teste-de-Buch et le 28 septembre \u00e0 Lanton. Deux rendez-vous marqu\u00e9s par la transmission musicale d\u2019un grand ma\u00eetre du piano.<\/p>\n<p>La saison se poursuit avec :<\/p>\n<p>\u2022 Thomas Briant &amp; Julien Beautemps \u2013 25 &amp; 26octobre \u00e0 Arcachon et Ar\u00e8s<br \/>\n\u2022 Ga\u00ebtane Prouvost &amp; Ludovit Kovacs \u2013 27 &amp; 28 f\u00e9vrier 2026 \u00e0 La Teste-de-Buch et au Cap Ferret<br \/>\n\u2022 Trio Sypniewski \u2013 27 et 28 mars 2026 \u00e0 Arcachon et Lanton<\/p>\n<p>\u00c0 travers Opus R\u00e9gions, l\u2019agence affirme sa volont\u00e9 de concevoir et de mettre en \u0153uvre des saisons structur\u00e9es directement avec les territoires, leurs acteurs publics et priv\u00e9s et \u00e0 destination d\u2019un public local. A voir si on met avant avec Bruno ou pas et apr\u00e8s agenda de la saison.<\/p>","protected":false},"excerpt":{"rendered":"<p>Pour la saison 2025\/2026, l\u2019Agence Artistique Hugo Panonacle ouvre un nouveau chapitre de son d\u00e9veloppement artistique avec le lancement des s\u00e9ries Opus.Premi\u00e8re saison \u00e0 voir le jour : Opus R\u00e9gions, un projet pens\u00e9 pour inscrire durablement l\u2019excellence musicale au c\u0153ur des territoires. C\u2019est sur le Bassin d\u2019Arcachon que cette nouvelle saison a \u00e9t\u00e9 inaugur\u00e9e, dans&#8230;<\/p>\n<p><a rel=\"bookmark\" class=\"theme-button-text wolf-core-button wolf-core-button-size-lg\" href=\"https:\/\/www.hugopanonacle.fr\/en\/lancement-dopus-regions-une-nouvelle-saison-inauguree-sur-le-bassin-darcachon\/\"><span>Continue reading<\/span><\/a><\/p>","protected":false},"author":1,"featured_media":10212,"comment_status":"closed","ping_status":"closed","sticky":false,"template":"","format":"standard","meta":{"om_disable_all_campaigns":false,"_monsterinsights_skip_tracking":false,"_monsterinsights_sitenote_active":false,"_monsterinsights_sitenote_note":"","_monsterinsights_sitenote_category":0,"_themeisle_gutenberg_block_has_review":false,"footnotes":""},"categories":[1],"tags":[],"class_list":["post-10211","post","type-post","status-publish","format-standard","has-post-thumbnail","hentry","category-blog","entry","clearfix","entry-post-module-layout-sidebar-right","thumbnail-color-tone-light","metro-landscape","entry-post","entry-standard","entry-post-standard"],"aioseo_notices":[],"rttpg_featured_image_url":{"full":["https:\/\/www.hugopanonacle.fr\/wp-content\/uploads\/2026\/03\/opus-region.png",1280,720,false],"landscape":["https:\/\/www.hugopanonacle.fr\/wp-content\/uploads\/2026\/03\/opus-region.png",1280,720,false],"portraits":["https:\/\/www.hugopanonacle.fr\/wp-content\/uploads\/2026\/03\/opus-region.png",1280,720,false],"thumbnail":["https:\/\/www.hugopanonacle.fr\/wp-content\/uploads\/2026\/03\/opus-region-150x150.png",150,150,true],"medium":["https:\/\/www.hugopanonacle.fr\/wp-content\/uploads\/2026\/03\/opus-region-300x169.png",300,169,true],"large":["https:\/\/www.hugopanonacle.fr\/wp-content\/uploads\/2026\/03\/opus-region-1024x576.png",1024,576,true],"1536x1536":["https:\/\/www.hugopanonacle.fr\/wp-content\/uploads\/2026\/03\/opus-region.png",1280,720,false],"2048x2048":["https:\/\/www.hugopanonacle.fr\/wp-content\/uploads\/2026\/03\/opus-region.png",1280,720,false],"trp-custom-language-flag":["https:\/\/www.hugopanonacle.fr\/wp-content\/uploads\/2026\/03\/opus-region-18x10.png",18,10,true],"post-thumbnail":["https:\/\/www.hugopanonacle.fr\/wp-content\/uploads\/2026\/03\/opus-region-1013x570.png",1013,570,true],"galatea-photo":["https:\/\/www.hugopanonacle.fr\/wp-content\/uploads\/2026\/03\/opus-region-500x281.png",500,281,true],"galatea-metro":["https:\/\/www.hugopanonacle.fr\/wp-content\/uploads\/2026\/03\/opus-region-550x309.png",550,309,true],"galatea-masonry":["https:\/\/www.hugopanonacle.fr\/wp-content\/uploads\/2026\/03\/opus-region-500x281.png",500,281,true],"galatea-masonry-small":["https:\/\/www.hugopanonacle.fr\/wp-content\/uploads\/2026\/03\/opus-region-400x225.png",400,225,true],"galatea-XL":["https:\/\/www.hugopanonacle.fr\/wp-content\/uploads\/2026\/03\/opus-region.png",1280,720,false],"wolf-core-XL":["https:\/\/www.hugopanonacle.fr\/wp-content\/uploads\/2026\/03\/opus-region.png",1280,720,false],"wolf-core-slide":["https:\/\/www.hugopanonacle.fr\/wp-content\/uploads\/2026\/03\/opus-region-1200x700.png",1200,700,true],"wolf-core-masonry":["https:\/\/www.hugopanonacle.fr\/wp-content\/uploads\/2026\/03\/opus-region-500x281.png",500,281,true],"wolf-core-photo":["https:\/\/www.hugopanonacle.fr\/wp-content\/uploads\/2026\/03\/opus-region-500x281.png",500,281,true],"portfolio-thumb":["https:\/\/www.hugopanonacle.fr\/wp-content\/uploads\/2026\/03\/opus-region-600x450.png",600,450,true],"portfolio-video-thumb":["https:\/\/www.hugopanonacle.fr\/wp-content\/uploads\/2026\/03\/opus-region-480x360.png",480,360,true],"portfolio-image":["https:\/\/www.hugopanonacle.fr\/wp-content\/uploads\/2026\/03\/opus-region-1200x675.png",1200,675,true],"woocommerce_thumbnail":["https:\/\/www.hugopanonacle.fr\/wp-content\/uploads\/2026\/03\/opus-region-433x433.png",433,433,true],"woocommerce_single":["https:\/\/www.hugopanonacle.fr\/wp-content\/uploads\/2026\/03\/opus-region-664x374.png",664,374,true],"woocommerce_gallery_thumbnail":["https:\/\/www.hugopanonacle.fr\/wp-content\/uploads\/2026\/03\/opus-region-100x100.png",100,100,true],"galatea-related-post-thumbnail":["https:\/\/www.hugopanonacle.fr\/wp-content\/uploads\/2026\/03\/opus-region-290x290.png",290,290,true]},"rttpg_author":{"display_name":"hugo.panonacle","author_link":"https:\/\/www.hugopanonacle.fr\/en\/author\/hugo-panonacle\/"},"rttpg_comment":0,"rttpg_category":"<a href=\"https:\/\/www.hugopanonacle.fr\/en\/category\/blog\/\" rel=\"category tag\">Blog<\/a>","rttpg_excerpt":"Pour la saison 2025\/2026, l\u2019Agence Artistique Hugo Panonacle ouvre un nouveau chapitre de son d\u00e9veloppement artistique avec le lancement des s\u00e9ries Opus.Premi\u00e8re saison \u00e0 voir le jour : Opus R\u00e9gions, un projet pens\u00e9 pour inscrire durablement l\u2019excellence musicale au c\u0153ur des territoires. C\u2019est sur le Bassin d\u2019Arcachon que cette nouvelle saison a \u00e9t\u00e9 inaugur\u00e9e, dans...Continue&hellip;","_links":{"self":[{"href":"https:\/\/www.hugopanonacle.fr\/en\/wp-json\/wp\/v2\/posts\/10211","targetHints":{"allow":["GET"]}}],"collection":[{"href":"https:\/\/www.hugopanonacle.fr\/en\/wp-json\/wp\/v2\/posts"}],"about":[{"href":"https:\/\/www.hugopanonacle.fr\/en\/wp-json\/wp\/v2\/types\/post"}],"author":[{"embeddable":true,"href":"https:\/\/www.hugopanonacle.fr\/en\/wp-json\/wp\/v2\/users\/1"}],"replies":[{"embeddable":true,"href":"https:\/\/www.hugopanonacle.fr\/en\/wp-json\/wp\/v2\/comments?post=10211"}],"version-history":[{"count":2,"href":"https:\/\/www.hugopanonacle.fr\/en\/wp-json\/wp\/v2\/posts\/10211\/revisions"}],"predecessor-version":[{"id":10217,"href":"https:\/\/www.hugopanonacle.fr\/en\/wp-json\/wp\/v2\/posts\/10211\/revisions\/10217"}],"wp:featuredmedia":[{"embeddable":true,"href":"https:\/\/www.hugopanonacle.fr\/en\/wp-json\/wp\/v2\/media\/10212"}],"wp:attachment":[{"href":"https:\/\/www.hugopanonacle.fr\/en\/wp-json\/wp\/v2\/media?parent=10211"}],"wp:term":[{"taxonomy":"category","embeddable":true,"href":"https:\/\/www.hugopanonacle.fr\/en\/wp-json\/wp\/v2\/categories?post=10211"},{"taxonomy":"post_tag","embeddable":true,"href":"https:\/\/www.hugopanonacle.fr\/en\/wp-json\/wp\/v2\/tags?post=10211"}],"curies":[{"name":"wp","href":"https:\/\/api.w.org\/{rel}","templated":true}]}}