{"id":10220,"date":"2026-02-10T15:48:06","date_gmt":"2026-02-10T14:48:06","guid":{"rendered":"https:\/\/www.hugopanonacle.fr\/?p=10220"},"modified":"2026-03-16T18:28:29","modified_gmt":"2026-03-16T17:28:29","slug":"une-alliance-fondee-sur-linnovation-et-la-transmission","status":"publish","type":"post","link":"https:\/\/www.hugopanonacle.fr\/en\/une-alliance-fondee-sur-linnovation-et-la-transmission\/","title":{"rendered":"Une alliance fond\u00e9e sur l\u2019innovation et la transmission"},"content":{"rendered":"<p>L\u2019Agence Hugo Panonacle annonce le lancement d\u2019un partenariat strat\u00e9gique avec Musica Prima-Classic360, ouvrant un nouveau chapitre dans son d\u00e9veloppement. Cette alliance repose sur une ambition partag\u00e9e : penser l\u2019accompagnement artistique avec exigence, ouverture et modernit\u00e9, en tenant compte des nouveaux modes de diffusion, de cr\u00e9ation et de communication, ainsi que des attentes renouvel\u00e9es des professionnels du secteur et des publics.<\/p>\n<p>&nbsp;<\/p>\n<p><a href=\"https:\/\/www.hugopanonacle.fr\/wp-content\/uploads\/2026\/03\/citation-musica-prima-scaled.png\"><img fetchpriority=\"high\" decoding=\"async\" class=\"aligncenter wp-image-10222 size-large\" src=\"https:\/\/www.hugopanonacle.fr\/wp-content\/uploads\/2026\/03\/citation-musica-prima-759x1024.png\" alt=\"\" width=\"759\" height=\"1024\" srcset=\"https:\/\/www.hugopanonacle.fr\/wp-content\/uploads\/2026\/03\/citation-musica-prima-759x1024.png 759w, https:\/\/www.hugopanonacle.fr\/wp-content\/uploads\/2026\/03\/citation-musica-prima-222x300.png 222w, https:\/\/www.hugopanonacle.fr\/wp-content\/uploads\/2026\/03\/citation-musica-prima-768x1037.png 768w, https:\/\/www.hugopanonacle.fr\/wp-content\/uploads\/2026\/03\/citation-musica-prima-1138x1536.png 1138w, https:\/\/www.hugopanonacle.fr\/wp-content\/uploads\/2026\/03\/citation-musica-prima-1517x2048.png 1517w, https:\/\/www.hugopanonacle.fr\/wp-content\/uploads\/2026\/03\/citation-musica-prima-9x12.png 9w, https:\/\/www.hugopanonacle.fr\/wp-content\/uploads\/2026\/03\/citation-musica-prima-422x570.png 422w, https:\/\/www.hugopanonacle.fr\/wp-content\/uploads\/2026\/03\/citation-musica-prima-370x500.png 370w, https:\/\/www.hugopanonacle.fr\/wp-content\/uploads\/2026\/03\/citation-musica-prima-550x743.png 550w, https:\/\/www.hugopanonacle.fr\/wp-content\/uploads\/2026\/03\/citation-musica-prima-500x675.png 500w, https:\/\/www.hugopanonacle.fr\/wp-content\/uploads\/2026\/03\/citation-musica-prima-296x400.png 296w, https:\/\/www.hugopanonacle.fr\/wp-content\/uploads\/2026\/03\/citation-musica-prima-1920x2592.png 1920w, https:\/\/www.hugopanonacle.fr\/wp-content\/uploads\/2026\/03\/citation-musica-prima-2000x2700.png 2000w, https:\/\/www.hugopanonacle.fr\/wp-content\/uploads\/2026\/03\/citation-musica-prima-1200x1620.png 1200w, https:\/\/www.hugopanonacle.fr\/wp-content\/uploads\/2026\/03\/citation-musica-prima-664x896.png 664w, https:\/\/www.hugopanonacle.fr\/wp-content\/uploads\/2026\/03\/citation-musica-prima-scaled.png 1896w\" sizes=\"(max-width: 759px) 100vw, 759px\" \/><\/a><\/p>\n<p>\u00c0 travers ce partenariat, les deux structures affirment leur volont\u00e9 de conjuguer innovation et transmission, afin de proposer un accompagnement renouvel\u00e9 et ambitieux pour les artistes d\u2019aujourd\u2019hui et de demain. De nouveaux projets verront prochainement le jour dans le cadre de cette collaboration.<\/p>","protected":false},"excerpt":{"rendered":"<p>L\u2019Agence Hugo Panonacle annonce le lancement d\u2019un partenariat strat\u00e9gique avec Musica Prima-Classic360, ouvrant un nouveau chapitre dans son d\u00e9veloppement. Cette alliance repose sur une ambition partag\u00e9e : penser l\u2019accompagnement artistique avec exigence, ouverture et modernit\u00e9, en tenant compte des nouveaux modes de diffusion, de cr\u00e9ation et de communication, ainsi que des attentes renouvel\u00e9es des professionnels&#8230;<\/p>\n<p><a rel=\"bookmark\" class=\"theme-button-text wolf-core-button wolf-core-button-size-lg\" href=\"https:\/\/www.hugopanonacle.fr\/en\/une-alliance-fondee-sur-linnovation-et-la-transmission\/\"><span>Continue reading<\/span><\/a><\/p>","protected":false},"author":1,"featured_media":10221,"comment_status":"closed","ping_status":"closed","sticky":false,"template":"","format":"standard","meta":{"om_disable_all_campaigns":false,"_monsterinsights_skip_tracking":false,"_monsterinsights_sitenote_active":false,"_monsterinsights_sitenote_note":"","_monsterinsights_sitenote_category":0,"_themeisle_gutenberg_block_has_review":false,"footnotes":""},"categories":[81,1],"tags":[],"class_list":["post-10220","post","type-post","status-publish","format-standard","has-post-thumbnail","hentry","category-artiste","category-blog","entry","clearfix","entry-post-module-layout-sidebar-right","thumbnail-color-tone-dark","metro-landscape","entry-post","entry-standard","entry-post-standard"],"aioseo_notices":[],"rttpg_featured_image_url":{"full":["https:\/\/www.hugopanonacle.fr\/wp-content\/uploads\/2026\/03\/banniere-musica-prima.png",1280,720,false],"landscape":["https:\/\/www.hugopanonacle.fr\/wp-content\/uploads\/2026\/03\/banniere-musica-prima.png",1280,720,false],"portraits":["https:\/\/www.hugopanonacle.fr\/wp-content\/uploads\/2026\/03\/banniere-musica-prima.png",1280,720,false],"thumbnail":["https:\/\/www.hugopanonacle.fr\/wp-content\/uploads\/2026\/03\/banniere-musica-prima-150x150.png",150,150,true],"medium":["https:\/\/www.hugopanonacle.fr\/wp-content\/uploads\/2026\/03\/banniere-musica-prima-300x169.png",300,169,true],"large":["https:\/\/www.hugopanonacle.fr\/wp-content\/uploads\/2026\/03\/banniere-musica-prima-1024x576.png",1024,576,true],"1536x1536":["https:\/\/www.hugopanonacle.fr\/wp-content\/uploads\/2026\/03\/banniere-musica-prima.png",1280,720,false],"2048x2048":["https:\/\/www.hugopanonacle.fr\/wp-content\/uploads\/2026\/03\/banniere-musica-prima.png",1280,720,false],"trp-custom-language-flag":["https:\/\/www.hugopanonacle.fr\/wp-content\/uploads\/2026\/03\/banniere-musica-prima-18x10.png",18,10,true],"post-thumbnail":["https:\/\/www.hugopanonacle.fr\/wp-content\/uploads\/2026\/03\/banniere-musica-prima-1013x570.png",1013,570,true],"galatea-photo":["https:\/\/www.hugopanonacle.fr\/wp-content\/uploads\/2026\/03\/banniere-musica-prima-500x281.png",500,281,true],"galatea-metro":["https:\/\/www.hugopanonacle.fr\/wp-content\/uploads\/2026\/03\/banniere-musica-prima-550x309.png",550,309,true],"galatea-masonry":["https:\/\/www.hugopanonacle.fr\/wp-content\/uploads\/2026\/03\/banniere-musica-prima-500x281.png",500,281,true],"galatea-masonry-small":["https:\/\/www.hugopanonacle.fr\/wp-content\/uploads\/2026\/03\/banniere-musica-prima-400x225.png",400,225,true],"galatea-XL":["https:\/\/www.hugopanonacle.fr\/wp-content\/uploads\/2026\/03\/banniere-musica-prima.png",1280,720,false],"wolf-core-XL":["https:\/\/www.hugopanonacle.fr\/wp-content\/uploads\/2026\/03\/banniere-musica-prima.png",1280,720,false],"wolf-core-slide":["https:\/\/www.hugopanonacle.fr\/wp-content\/uploads\/2026\/03\/banniere-musica-prima-1200x700.png",1200,700,true],"wolf-core-masonry":["https:\/\/www.hugopanonacle.fr\/wp-content\/uploads\/2026\/03\/banniere-musica-prima-500x281.png",500,281,true],"wolf-core-photo":["https:\/\/www.hugopanonacle.fr\/wp-content\/uploads\/2026\/03\/banniere-musica-prima-500x281.png",500,281,true],"portfolio-thumb":["https:\/\/www.hugopanonacle.fr\/wp-content\/uploads\/2026\/03\/banniere-musica-prima-600x450.png",600,450,true],"portfolio-video-thumb":["https:\/\/www.hugopanonacle.fr\/wp-content\/uploads\/2026\/03\/banniere-musica-prima-480x360.png",480,360,true],"portfolio-image":["https:\/\/www.hugopanonacle.fr\/wp-content\/uploads\/2026\/03\/banniere-musica-prima-1200x675.png",1200,675,true],"woocommerce_thumbnail":["https:\/\/www.hugopanonacle.fr\/wp-content\/uploads\/2026\/03\/banniere-musica-prima-433x433.png",433,433,true],"woocommerce_single":["https:\/\/www.hugopanonacle.fr\/wp-content\/uploads\/2026\/03\/banniere-musica-prima-664x374.png",664,374,true],"woocommerce_gallery_thumbnail":["https:\/\/www.hugopanonacle.fr\/wp-content\/uploads\/2026\/03\/banniere-musica-prima-100x100.png",100,100,true],"galatea-related-post-thumbnail":["https:\/\/www.hugopanonacle.fr\/wp-content\/uploads\/2026\/03\/banniere-musica-prima-290x290.png",290,290,true]},"rttpg_author":{"display_name":"hugo.panonacle","author_link":"https:\/\/www.hugopanonacle.fr\/en\/author\/hugo-panonacle\/"},"rttpg_comment":0,"rttpg_category":"<a href=\"https:\/\/www.hugopanonacle.fr\/en\/category\/artiste\/\" rel=\"category tag\">artiste<\/a> <a href=\"https:\/\/www.hugopanonacle.fr\/en\/category\/blog\/\" rel=\"category tag\">Blog<\/a>","rttpg_excerpt":"L\u2019Agence Hugo Panonacle annonce le lancement d\u2019un partenariat strat\u00e9gique avec Musica Prima-Classic360, ouvrant un nouveau chapitre dans son d\u00e9veloppement. Cette alliance repose sur une ambition partag\u00e9e : penser l\u2019accompagnement artistique avec exigence, ouverture et modernit\u00e9, en tenant compte des nouveaux modes de diffusion, de cr\u00e9ation et de communication, ainsi que des attentes renouvel\u00e9es des professionnels...Continue&hellip;","_links":{"self":[{"href":"https:\/\/www.hugopanonacle.fr\/en\/wp-json\/wp\/v2\/posts\/10220","targetHints":{"allow":["GET"]}}],"collection":[{"href":"https:\/\/www.hugopanonacle.fr\/en\/wp-json\/wp\/v2\/posts"}],"about":[{"href":"https:\/\/www.hugopanonacle.fr\/en\/wp-json\/wp\/v2\/types\/post"}],"author":[{"embeddable":true,"href":"https:\/\/www.hugopanonacle.fr\/en\/wp-json\/wp\/v2\/users\/1"}],"replies":[{"embeddable":true,"href":"https:\/\/www.hugopanonacle.fr\/en\/wp-json\/wp\/v2\/comments?post=10220"}],"version-history":[{"count":5,"href":"https:\/\/www.hugopanonacle.fr\/en\/wp-json\/wp\/v2\/posts\/10220\/revisions"}],"predecessor-version":[{"id":10229,"href":"https:\/\/www.hugopanonacle.fr\/en\/wp-json\/wp\/v2\/posts\/10220\/revisions\/10229"}],"wp:featuredmedia":[{"embeddable":true,"href":"https:\/\/www.hugopanonacle.fr\/en\/wp-json\/wp\/v2\/media\/10221"}],"wp:attachment":[{"href":"https:\/\/www.hugopanonacle.fr\/en\/wp-json\/wp\/v2\/media?parent=10220"}],"wp:term":[{"taxonomy":"category","embeddable":true,"href":"https:\/\/www.hugopanonacle.fr\/en\/wp-json\/wp\/v2\/categories?post=10220"},{"taxonomy":"post_tag","embeddable":true,"href":"https:\/\/www.hugopanonacle.fr\/en\/wp-json\/wp\/v2\/tags?post=10220"}],"curies":[{"name":"wp","href":"https:\/\/api.w.org\/{rel}","templated":true}]}}