{"id":6630,"date":"2024-05-06T15:28:47","date_gmt":"2024-05-06T14:28:47","guid":{"rendered":"https:\/\/www.hugopanonacle.fr\/?p=6630"},"modified":"2024-07-09T09:10:33","modified_gmt":"2024-07-09T08:10:33","slug":"le-duo-shum-sort-son-premier-cd","status":"publish","type":"post","link":"https:\/\/www.hugopanonacle.fr\/en\/le-duo-shum-sort-son-premier-cd\/","title":{"rendered":"The SHUM Duo released their first album!"},"content":{"rendered":"<div data-elementor-type=\"wp-post\" data-elementor-id=\"6630\" class=\"elementor elementor-6630\">\n\t\t\t\t<div class=\"elementor-element elementor-element-ea48767 e-flex e-con-boxed e-con e-parent\" data-id=\"ea48767\" data-element_type=\"container\" data-core-v316-plus=\"true\">\n\t\t\t\t\t<div class=\"e-con-inner\">\n\t\t\t\t<div class=\"elementor-element elementor-element-9c17312 elementor-widget elementor-widget-text-editor\" data-id=\"9c17312\" data-element_type=\"widget\" data-widget_type=\"text-editor.default\">\n\t\t\t\t<div class=\"elementor-widget-container\">\n\t\t\t<style>\/*! elementor - v3.20.0 - 26-03-2024 *\/\n.elementor-widget-text-editor.elementor-drop-cap-view-stacked .elementor-drop-cap{background-color:#69727d;color:#fff}.elementor-widget-text-editor.elementor-drop-cap-view-framed .elementor-drop-cap{color:#69727d;border:3px solid;background-color:transparent}.elementor-widget-text-editor:not(.elementor-drop-cap-view-default) .elementor-drop-cap{margin-top:8px}.elementor-widget-text-editor:not(.elementor-drop-cap-view-default) .elementor-drop-cap-letter{width:1em;height:1em}.elementor-widget-text-editor .elementor-drop-cap{float:left;text-align:center;line-height:1;font-size:50px}.elementor-widget-text-editor .elementor-drop-cap-letter{display:inline-block}<\/style>\t\t\t\t<p><span style=\"font-weight: 400;\">La Fondation Gautier Capu\u00e7on pr\u00e9sente le premier disque du Duo Shum qui para\u00eetra le <strong>31 mai 2024<\/strong> sous le label Warner Classics &#8211; Erato. Compos\u00e9 de la pianiste canado-ukrainienne Anastasia Rizikov et de la violoncelliste franco-russe Lisa Strauss, le duo rend hommage \u00e0 ses origines slaves dans ce voyage musical fascinant, de la Turquie fantastique r\u00eav\u00e9e par Fazil Say au choc \u00e9motionnel diabolique d&#8217;Alfred Schnittke.\u00a0<\/span><\/p><p><span style=\"font-weight: 400;\">Les esth\u00e9tiques singuli\u00e8res de chaque pi\u00e8ce r\u00e9v\u00e8lent l&#8217;infinie palette de couleurs et de timbres des deux musiciennes. Ce r\u00e9pertoire rare est associ\u00e9 \u00e0 des pi\u00e8ces embl\u00e9matiques de la musique slave. Le Duo Shum a \u00e9galement souhait\u00e9 rendre hommage au r\u00e9pertoire ukrainien en enregistrant deux pi\u00e8ces de Myroslav Skoryk et Mykola Lysenko.\u00a0<\/span><\/p><p><span style=\"font-weight: 400;\">Pr\u00e9-commandez l\u2019album : <\/span><a href=\"https:\/\/www.warnerclassics.com\/fr\/release\/duo-shum\"><span style=\"font-weight: 400;\">https:\/\/www.warnerclassics.com\/fr\/release\/duo-shum<\/span><\/a><span style=\"font-weight: 400;\">\u00a0<\/span><\/p><p><b>Concerts \u00e9t\u00e9 2024 &#8211; Duo Shum<\/b><\/p><ul><li style=\"font-weight: 400;\" aria-level=\"1\"><span style=\"font-weight: 400;\">16 juin 2024 &#8211; Festival d&#8217;Auvers-sur-Oise<\/span><\/li><li style=\"font-weight: 400;\" aria-level=\"1\"><span style=\"font-weight: 400;\">6 juillet 2024 &#8211; Fondation Polignac \u00e0 Guidel<\/span><\/li><li style=\"font-weight: 400;\" aria-level=\"1\"><span style=\"font-weight: 400;\">5 septembre 2024 &#8211; Les Escales du Classique au Havre<\/span><\/li><li style=\"font-weight: 400;\" aria-level=\"1\"><b>CONCERT DE LANCEMENT &#8211; 23 septembre 2024 &#8211; Salle Cortot \u00e0 Paris<\/b><\/li><\/ul>\t\t\t\t\t\t<\/div>\n\t\t\t\t<\/div>\n\t\t\t\t\t<\/div>\n\t\t\t\t<\/div>\n\t\t\t\t<\/div>","protected":false},"excerpt":{"rendered":"<p>La Fondation Gautier Capu\u00e7on pr\u00e9sente le premier disque du Duo Shum qui para\u00eetra le 31 mai 2024 sous le label Warner Classics &#8211; Erato. Compos\u00e9 de la pianiste canado-ukrainienne Anastasia Rizikov et de la violoncelliste franco-russe Lisa Strauss, le duo rend hommage \u00e0 ses origines slaves dans ce voyage musical fascinant, de la Turquie fantastique&#8230;<\/p>\n<p><a rel=\"bookmark\" class=\"theme-button-text wolf-core-button wolf-core-button-size-lg\" href=\"https:\/\/www.hugopanonacle.fr\/en\/le-duo-shum-sort-son-premier-cd\/\"><span>Continue reading<\/span><\/a><\/p>","protected":false},"author":1,"featured_media":6631,"comment_status":"closed","ping_status":"closed","sticky":false,"template":"","format":"standard","meta":{"om_disable_all_campaigns":false,"_monsterinsights_skip_tracking":false,"_monsterinsights_sitenote_active":false,"_monsterinsights_sitenote_note":"","_monsterinsights_sitenote_category":0,"_themeisle_gutenberg_block_has_review":false,"footnotes":""},"categories":[1],"tags":[],"class_list":["post-6630","post","type-post","status-publish","format-standard","has-post-thumbnail","hentry","category-blog","entry","clearfix","entry-post-module-layout-sidebar-right","thumbnail-color-tone-dark","entry-post","entry-standard","entry-post-standard"],"aioseo_notices":[],"rttpg_featured_image_url":{"full":["https:\/\/www.hugopanonacle.fr\/wp-content\/uploads\/2024\/05\/FGC-03-SHUM-5021732256980-SQ-Cover-V9-1-scaled.jpg",2560,2560,false],"landscape":["https:\/\/www.hugopanonacle.fr\/wp-content\/uploads\/2024\/05\/FGC-03-SHUM-5021732256980-SQ-Cover-V9-1-scaled.jpg",2560,2560,false],"portraits":["https:\/\/www.hugopanonacle.fr\/wp-content\/uploads\/2024\/05\/FGC-03-SHUM-5021732256980-SQ-Cover-V9-1-scaled.jpg",2560,2560,false],"thumbnail":["https:\/\/www.hugopanonacle.fr\/wp-content\/uploads\/2024\/05\/FGC-03-SHUM-5021732256980-SQ-Cover-V9-1-150x150.jpg",150,150,true],"medium":["https:\/\/www.hugopanonacle.fr\/wp-content\/uploads\/2024\/05\/FGC-03-SHUM-5021732256980-SQ-Cover-V9-1-300x300.jpg",300,300,true],"large":["https:\/\/www.hugopanonacle.fr\/wp-content\/uploads\/2024\/05\/FGC-03-SHUM-5021732256980-SQ-Cover-V9-1-1024x1024.jpg",1024,1024,true],"1536x1536":["https:\/\/www.hugopanonacle.fr\/wp-content\/uploads\/2024\/05\/FGC-03-SHUM-5021732256980-SQ-Cover-V9-1-1536x1536.jpg",1536,1536,true],"2048x2048":["https:\/\/www.hugopanonacle.fr\/wp-content\/uploads\/2024\/05\/FGC-03-SHUM-5021732256980-SQ-Cover-V9-1-2048x2048.jpg",2048,2048,true],"trp-custom-language-flag":["https:\/\/www.hugopanonacle.fr\/wp-content\/uploads\/2024\/05\/FGC-03-SHUM-5021732256980-SQ-Cover-V9-1-12x12.jpg",12,12,true],"post-thumbnail":["https:\/\/www.hugopanonacle.fr\/wp-content\/uploads\/2024\/05\/FGC-03-SHUM-5021732256980-SQ-Cover-V9-1-570x570.jpg",570,570,true],"galatea-photo":["https:\/\/www.hugopanonacle.fr\/wp-content\/uploads\/2024\/05\/FGC-03-SHUM-5021732256980-SQ-Cover-V9-1-500x500.jpg",500,500,true],"galatea-metro":["https:\/\/www.hugopanonacle.fr\/wp-content\/uploads\/2024\/05\/FGC-03-SHUM-5021732256980-SQ-Cover-V9-1-550x550.jpg",550,550,true],"galatea-masonry":["https:\/\/www.hugopanonacle.fr\/wp-content\/uploads\/2024\/05\/FGC-03-SHUM-5021732256980-SQ-Cover-V9-1-500x500.jpg",500,500,true],"galatea-masonry-small":["https:\/\/www.hugopanonacle.fr\/wp-content\/uploads\/2024\/05\/FGC-03-SHUM-5021732256980-SQ-Cover-V9-1-400x400.jpg",400,400,true],"galatea-XL":["https:\/\/www.hugopanonacle.fr\/wp-content\/uploads\/2024\/05\/FGC-03-SHUM-5021732256980-SQ-Cover-V9-1-1920x1920.jpg",1920,1920,true],"wolf-core-XL":["https:\/\/www.hugopanonacle.fr\/wp-content\/uploads\/2024\/05\/FGC-03-SHUM-5021732256980-SQ-Cover-V9-1-2000x2000.jpg",2000,2000,true],"wolf-core-slide":["https:\/\/www.hugopanonacle.fr\/wp-content\/uploads\/2024\/05\/FGC-03-SHUM-5021732256980-SQ-Cover-V9-1-1200x700.jpg",1200,700,true],"wolf-core-masonry":["https:\/\/www.hugopanonacle.fr\/wp-content\/uploads\/2024\/05\/FGC-03-SHUM-5021732256980-SQ-Cover-V9-1-500x500.jpg",500,500,true],"wolf-core-photo":["https:\/\/www.hugopanonacle.fr\/wp-content\/uploads\/2024\/05\/FGC-03-SHUM-5021732256980-SQ-Cover-V9-1-500x500.jpg",500,500,true],"portfolio-thumb":["https:\/\/www.hugopanonacle.fr\/wp-content\/uploads\/2024\/05\/FGC-03-SHUM-5021732256980-SQ-Cover-V9-1-600x450.jpg",600,450,true],"portfolio-video-thumb":["https:\/\/www.hugopanonacle.fr\/wp-content\/uploads\/2024\/05\/FGC-03-SHUM-5021732256980-SQ-Cover-V9-1-480x360.jpg",480,360,true],"portfolio-image":["https:\/\/www.hugopanonacle.fr\/wp-content\/uploads\/2024\/05\/FGC-03-SHUM-5021732256980-SQ-Cover-V9-1-1200x1200.jpg",1200,1200,true],"woocommerce_thumbnail":["https:\/\/www.hugopanonacle.fr\/wp-content\/uploads\/2024\/05\/FGC-03-SHUM-5021732256980-SQ-Cover-V9-1-433x433.jpg",433,433,true],"woocommerce_single":["https:\/\/www.hugopanonacle.fr\/wp-content\/uploads\/2024\/05\/FGC-03-SHUM-5021732256980-SQ-Cover-V9-1-664x664.jpg",664,664,true],"woocommerce_gallery_thumbnail":["https:\/\/www.hugopanonacle.fr\/wp-content\/uploads\/2024\/05\/FGC-03-SHUM-5021732256980-SQ-Cover-V9-1-100x100.jpg",100,100,true],"galatea-related-post-thumbnail":["https:\/\/www.hugopanonacle.fr\/wp-content\/uploads\/2024\/05\/FGC-03-SHUM-5021732256980-SQ-Cover-V9-1-290x290.jpg",290,290,true]},"rttpg_author":{"display_name":"hugo.panonacle","author_link":"https:\/\/www.hugopanonacle.fr\/en\/author\/hugo-panonacle\/"},"rttpg_comment":0,"rttpg_category":"<a href=\"https:\/\/www.hugopanonacle.fr\/en\/category\/blog\/\" rel=\"category tag\">Blog<\/a>","rttpg_excerpt":"La Fondation Gautier Capu\u00e7on pr\u00e9sente le premier disque du Duo Shum qui para\u00eetra le 31 mai 2024 sous le label Warner Classics &#8211; Erato. Compos\u00e9 de la pianiste canado-ukrainienne Anastasia Rizikov et de la violoncelliste franco-russe Lisa Strauss, le duo rend hommage \u00e0 ses origines slaves dans ce voyage musical fascinant, de la Turquie fantastique...Continue&hellip;","_links":{"self":[{"href":"https:\/\/www.hugopanonacle.fr\/en\/wp-json\/wp\/v2\/posts\/6630","targetHints":{"allow":["GET"]}}],"collection":[{"href":"https:\/\/www.hugopanonacle.fr\/en\/wp-json\/wp\/v2\/posts"}],"about":[{"href":"https:\/\/www.hugopanonacle.fr\/en\/wp-json\/wp\/v2\/types\/post"}],"author":[{"embeddable":true,"href":"https:\/\/www.hugopanonacle.fr\/en\/wp-json\/wp\/v2\/users\/1"}],"replies":[{"embeddable":true,"href":"https:\/\/www.hugopanonacle.fr\/en\/wp-json\/wp\/v2\/comments?post=6630"}],"version-history":[{"count":7,"href":"https:\/\/www.hugopanonacle.fr\/en\/wp-json\/wp\/v2\/posts\/6630\/revisions"}],"predecessor-version":[{"id":6702,"href":"https:\/\/www.hugopanonacle.fr\/en\/wp-json\/wp\/v2\/posts\/6630\/revisions\/6702"}],"wp:featuredmedia":[{"embeddable":true,"href":"https:\/\/www.hugopanonacle.fr\/en\/wp-json\/wp\/v2\/media\/6631"}],"wp:attachment":[{"href":"https:\/\/www.hugopanonacle.fr\/en\/wp-json\/wp\/v2\/media?parent=6630"}],"wp:term":[{"taxonomy":"category","embeddable":true,"href":"https:\/\/www.hugopanonacle.fr\/en\/wp-json\/wp\/v2\/categories?post=6630"},{"taxonomy":"post_tag","embeddable":true,"href":"https:\/\/www.hugopanonacle.fr\/en\/wp-json\/wp\/v2\/tags?post=6630"}],"curies":[{"name":"wp","href":"https:\/\/api.w.org\/{rel}","templated":true}]}}